{"id":3089,"date":"2018-08-07T14:21:55","date_gmt":"2018-08-07T12:21:55","guid":{"rendered":"https:\/\/www.vit-gmbh.de\/?p=3089"},"modified":"2018-08-07T15:57:51","modified_gmt":"2018-08-07T13:57:51","slug":"unternehmensziel-gesundheit","status":"publish","type":"post","link":"https:\/\/www.vit-gmbh.de\/en\/news\/allgemein\/unternehmensziel-gesundheit\/","title":{"rendered":"UNTERNEHMENSZIEL GESUNDHEIT"},"content":{"rendered":"<h2>&#8222;Gelassen gewinnen &#8211; weniger Stress mit mentaler Fitness!&#8220;<\/h2>\n<p>Am 18.10.2018 ist <strong>Markus Weber als Speaker\/Experte auf der BKK Veranstaltung &#8222;Unternehmensziel Gesundheit&#8220;<\/strong> eingeladen. Die Veranstaltung soll insbesondere klein- und mittelst\u00e4ndischen Unternehmen die Notwendigkeit eines ganzheitlichen betrieblichen Gesundheitsmanagement n\u00e4her bringen.<span style=\"display: inline !important; float: none; background-color: transparent; color: #333333; cursor: text; font-family: Georgia,'Times New Roman','Bitstream Charter',Times,serif; font-size: 16px; font-style: normal; font-variant: normal; font-weight: 400; letter-spacing: normal; orphans: 2; text-align: left; text-decoration: none; text-indent: 0px; text-transform: none; -webkit-text-stroke-width: 0px; white-space: normal; word-spacing: 0px;\"><br \/>\n<\/span>In seinem Impulsvortrag lernen die Zuh\u00f6rer theoretische Zusammenh\u00e4nge und \u00dcbungen zur pers\u00f6nlichen Stressreduzierung kennen, damit sie in stressigen Situationen den \u00dcberblick behalten. Sie erfahren ebenfalls wie sie durch mentale Techniken die Konzentrationsf\u00e4higkeit und Kreativit\u00e4t steigern und l\u00f6sungsorientiert handeln. So wird Stress zur &#8222;W\u00fcrze des Lebens&#8220;.<\/p>\n<p>Das m\u00f6chten Sie nicht verpassen? Dann gelangen Sie \u00fcber einen <strong>Klick auf das untenstehende Bild zur Anmeldung!<\/strong><a href=\"https:\/\/cp0398.miovent.de\/Unternehmensziel_Gesundheit_18-10-18\/1844409\/try\/first\"><img loading=\"lazy\" decoding=\"async\" class=\"alignleft wp-image-3102 size-full\" src=\"https:\/\/www.vit-gmbh.de\/wp-content\/uploads\/2018\/08\/5b4f45618e27a802517cbd10-e1533647976908.jpg\" alt=\"\" width=\"820\" height=\"250\" \/><\/a><br \/>\n<b><\/b><i><\/i><u><\/u><\/p>\n<p>&nbsp;<\/p>\n<p>&nbsp;<\/p>\n<p>&nbsp;<\/p>\n<p>&nbsp;<\/p>\n<p>&nbsp;<\/p>\n<p>&nbsp;<\/p>\n<p><b><br \/>\n<\/b><strong>Bei dieser Veranstaltungsreihe sind\u00a0ebenfalls auf der B\u00fchne zu erleben:<\/strong><br \/>\n<span style=\"text-align: left; color: #333333; text-transform: none; text-indent: 0px; letter-spacing: normal; font-family: Georgia,'Times New Roman','Bitstream Charter',Times,serif; font-size: 16px; font-style: normal; font-variant: normal; text-decoration: none; word-spacing: 0px; display: inline !important; white-space: normal; cursor: text; orphans: 2; float: none; -webkit-text-stroke-width: 0px; background-color: transparent;\">Der FIFA und Bundesliga Schiedsrichter sowie Mentalcoach in Unternehmen, Babak Rafati, die Expertin f\u00fcr Bewusstseins-Entwicklung und Autorin, Simone Langend\u00f6rfer, die Neurowissenschaftlerin und Expertin f\u00fcr intellektuelles Kapital, Dr. Elke Pr\u00e4g, sowie der zweifache Weltmeister 2015 und 2017 im Ringen, Frank St\u00e4bler.<\/span><\/p>\n<p>&nbsp;<\/p>","protected":false},"excerpt":{"rendered":"<p>Markus Weber als Speaker\/Experte auf der BKK Veranstaltung <\/p>","protected":false},"author":10,"featured_media":3105,"comment_status":"closed","ping_status":"closed","sticky":false,"template":"","format":"gallery","meta":{"footnotes":""},"categories":[1],"tags":[],"class_list":["post-3089","post","type-post","status-publish","format-gallery","has-post-thumbnail","hentry","category-allgemein","post_format-post-format-gallery"],"yoast_head":"<!-- This site is optimized with the Yoast SEO plugin v27.4 - https:\/\/yoast.com\/product\/yoast-seo-wordpress\/ -->\n<title>UNTERNEHMENSZIEL GESUNDHEIT - V.I.T. GmbH<\/title>\n<meta name=\"robots\" content=\"index, follow, max-snippet:-1, max-image-preview:large, max-video-preview:-1\" \/>\n<link rel=\"canonical\" href=\"https:\/\/www.vit-gmbh.de\/en\/news\/allgemein\/unternehmensziel-gesundheit\/\" \/>\n<meta property=\"og:locale\" content=\"en_US\" \/>\n<meta property=\"og:type\" content=\"article\" \/>\n<meta property=\"og:title\" content=\"UNTERNEHMENSZIEL GESUNDHEIT - V.I.T. GmbH\" \/>\n<meta property=\"og:description\" content=\"Markus Weber als Speaker\/Experte auf der BKK Veranstaltung\" \/>\n<meta property=\"og:url\" content=\"https:\/\/www.vit-gmbh.de\/en\/news\/allgemein\/unternehmensziel-gesundheit\/\" \/>\n<meta property=\"og:site_name\" content=\"V.I.T. GmbH\" \/>\n<meta property=\"article:published_time\" content=\"2018-08-07T12:21:55+00:00\" \/>\n<meta property=\"article:modified_time\" content=\"2018-08-07T13:57:51+00:00\" \/>\n<meta property=\"og:image\" content=\"https:\/\/www.vit-gmbh.de\/wp-content\/uploads\/2018\/08\/stethoscope-2617701-e1533648035935.jpg\" \/>\n\t<meta property=\"og:image:width\" content=\"2000\" \/>\n\t<meta property=\"og:image:height\" content=\"1276\" \/>\n\t<meta property=\"og:image:type\" content=\"image\/jpeg\" \/>\n<meta name=\"author\" content=\"Ingo Eisert\" \/>\n<meta name=\"twitter:card\" content=\"summary_large_image\" \/>\n<meta name=\"twitter:label1\" content=\"Written by\" \/>\n\t<meta name=\"twitter:data1\" content=\"Ingo Eisert\" \/>\n\t<meta name=\"twitter:label2\" content=\"Est. reading time\" \/>\n\t<meta name=\"twitter:data2\" content=\"1 minute\" \/>\n<script type=\"application\/ld+json\" class=\"yoast-schema-graph\">{\"@context\":\"https:\\\/\\\/schema.org\",\"@graph\":[{\"@type\":\"Article\",\"@id\":\"https:\\\/\\\/www.vit-gmbh.de\\\/news\\\/allgemein\\\/unternehmensziel-gesundheit\\\/#article\",\"isPartOf\":{\"@id\":\"https:\\\/\\\/www.vit-gmbh.de\\\/news\\\/allgemein\\\/unternehmensziel-gesundheit\\\/\"},\"author\":{\"name\":\"Ingo Eisert\",\"@id\":\"https:\\\/\\\/www.vit-gmbh.de\\\/#\\\/schema\\\/person\\\/edd10d524c100cba4d37c3ba26243ca0\"},\"headline\":\"UNTERNEHMENSZIEL GESUNDHEIT\",\"datePublished\":\"2018-08-07T12:21:55+00:00\",\"dateModified\":\"2018-08-07T13:57:51+00:00\",\"mainEntityOfPage\":{\"@id\":\"https:\\\/\\\/www.vit-gmbh.de\\\/news\\\/allgemein\\\/unternehmensziel-gesundheit\\\/\"},\"wordCount\":173,\"image\":{\"@id\":\"https:\\\/\\\/www.vit-gmbh.de\\\/news\\\/allgemein\\\/unternehmensziel-gesundheit\\\/#primaryimage\"},\"thumbnailUrl\":\"https:\\\/\\\/www.vit-gmbh.de\\\/wp-content\\\/uploads\\\/2018\\\/08\\\/stethoscope-2617701-e1533648035935.jpg\",\"articleSection\":[\"Allgemein\"],\"inLanguage\":\"en-US\"},{\"@type\":\"WebPage\",\"@id\":\"https:\\\/\\\/www.vit-gmbh.de\\\/news\\\/allgemein\\\/unternehmensziel-gesundheit\\\/\",\"url\":\"https:\\\/\\\/www.vit-gmbh.de\\\/news\\\/allgemein\\\/unternehmensziel-gesundheit\\\/\",\"name\":\"UNTERNEHMENSZIEL GESUNDHEIT - V.I.T. GmbH\",\"isPartOf\":{\"@id\":\"https:\\\/\\\/www.vit-gmbh.de\\\/#website\"},\"primaryImageOfPage\":{\"@id\":\"https:\\\/\\\/www.vit-gmbh.de\\\/news\\\/allgemein\\\/unternehmensziel-gesundheit\\\/#primaryimage\"},\"image\":{\"@id\":\"https:\\\/\\\/www.vit-gmbh.de\\\/news\\\/allgemein\\\/unternehmensziel-gesundheit\\\/#primaryimage\"},\"thumbnailUrl\":\"https:\\\/\\\/www.vit-gmbh.de\\\/wp-content\\\/uploads\\\/2018\\\/08\\\/stethoscope-2617701-e1533648035935.jpg\",\"datePublished\":\"2018-08-07T12:21:55+00:00\",\"dateModified\":\"2018-08-07T13:57:51+00:00\",\"author\":{\"@id\":\"https:\\\/\\\/www.vit-gmbh.de\\\/#\\\/schema\\\/person\\\/edd10d524c100cba4d37c3ba26243ca0\"},\"breadcrumb\":{\"@id\":\"https:\\\/\\\/www.vit-gmbh.de\\\/news\\\/allgemein\\\/unternehmensziel-gesundheit\\\/#breadcrumb\"},\"inLanguage\":\"en-US\",\"potentialAction\":[{\"@type\":\"ReadAction\",\"target\":[\"https:\\\/\\\/www.vit-gmbh.de\\\/news\\\/allgemein\\\/unternehmensziel-gesundheit\\\/\"]}]},{\"@type\":\"ImageObject\",\"inLanguage\":\"en-US\",\"@id\":\"https:\\\/\\\/www.vit-gmbh.de\\\/news\\\/allgemein\\\/unternehmensziel-gesundheit\\\/#primaryimage\",\"url\":\"https:\\\/\\\/www.vit-gmbh.de\\\/wp-content\\\/uploads\\\/2018\\\/08\\\/stethoscope-2617701-e1533648035935.jpg\",\"contentUrl\":\"https:\\\/\\\/www.vit-gmbh.de\\\/wp-content\\\/uploads\\\/2018\\\/08\\\/stethoscope-2617701-e1533648035935.jpg\",\"width\":2000,\"height\":1276},{\"@type\":\"BreadcrumbList\",\"@id\":\"https:\\\/\\\/www.vit-gmbh.de\\\/news\\\/allgemein\\\/unternehmensziel-gesundheit\\\/#breadcrumb\",\"itemListElement\":[{\"@type\":\"ListItem\",\"position\":1,\"name\":\"Startseite\",\"item\":\"https:\\\/\\\/www.vit-gmbh.de\\\/\"},{\"@type\":\"ListItem\",\"position\":2,\"name\":\"UNTERNEHMENSZIEL GESUNDHEIT\"}]},{\"@type\":\"WebSite\",\"@id\":\"https:\\\/\\\/www.vit-gmbh.de\\\/#website\",\"url\":\"https:\\\/\\\/www.vit-gmbh.de\\\/\",\"name\":\"V.I.T. GmbH\",\"description\":\"Veranstaltungen, Incentives und Trainings\",\"potentialAction\":[{\"@type\":\"SearchAction\",\"target\":{\"@type\":\"EntryPoint\",\"urlTemplate\":\"https:\\\/\\\/www.vit-gmbh.de\\\/?s={search_term_string}\"},\"query-input\":{\"@type\":\"PropertyValueSpecification\",\"valueRequired\":true,\"valueName\":\"search_term_string\"}}],\"inLanguage\":\"en-US\"},{\"@type\":\"Person\",\"@id\":\"https:\\\/\\\/www.vit-gmbh.de\\\/#\\\/schema\\\/person\\\/edd10d524c100cba4d37c3ba26243ca0\",\"name\":\"Ingo Eisert\",\"url\":\"https:\\\/\\\/www.vit-gmbh.de\\\/en\\\/news\\\/author\\\/ingo-eisert\\\/\"}]}<\/script>\n<!-- \/ Yoast SEO plugin. -->","yoast_head_json":{"title":"UNTERNEHMENSZIEL GESUNDHEIT - V.I.T. GmbH","robots":{"index":"index","follow":"follow","max-snippet":"max-snippet:-1","max-image-preview":"max-image-preview:large","max-video-preview":"max-video-preview:-1"},"canonical":"https:\/\/www.vit-gmbh.de\/en\/news\/allgemein\/unternehmensziel-gesundheit\/","og_locale":"en_US","og_type":"article","og_title":"UNTERNEHMENSZIEL GESUNDHEIT - V.I.T. GmbH","og_description":"Markus Weber als Speaker\/Experte auf der BKK Veranstaltung","og_url":"https:\/\/www.vit-gmbh.de\/en\/news\/allgemein\/unternehmensziel-gesundheit\/","og_site_name":"V.I.T. GmbH","article_published_time":"2018-08-07T12:21:55+00:00","article_modified_time":"2018-08-07T13:57:51+00:00","og_image":[{"width":2000,"height":1276,"url":"https:\/\/www.vit-gmbh.de\/wp-content\/uploads\/2018\/08\/stethoscope-2617701-e1533648035935.jpg","type":"image\/jpeg"}],"author":"Ingo Eisert","twitter_card":"summary_large_image","twitter_misc":{"Written by":"Ingo Eisert","Est. reading time":"1 minute"},"schema":{"@context":"https:\/\/schema.org","@graph":[{"@type":"Article","@id":"https:\/\/www.vit-gmbh.de\/news\/allgemein\/unternehmensziel-gesundheit\/#article","isPartOf":{"@id":"https:\/\/www.vit-gmbh.de\/news\/allgemein\/unternehmensziel-gesundheit\/"},"author":{"name":"Ingo Eisert","@id":"https:\/\/www.vit-gmbh.de\/#\/schema\/person\/edd10d524c100cba4d37c3ba26243ca0"},"headline":"UNTERNEHMENSZIEL GESUNDHEIT","datePublished":"2018-08-07T12:21:55+00:00","dateModified":"2018-08-07T13:57:51+00:00","mainEntityOfPage":{"@id":"https:\/\/www.vit-gmbh.de\/news\/allgemein\/unternehmensziel-gesundheit\/"},"wordCount":173,"image":{"@id":"https:\/\/www.vit-gmbh.de\/news\/allgemein\/unternehmensziel-gesundheit\/#primaryimage"},"thumbnailUrl":"https:\/\/www.vit-gmbh.de\/wp-content\/uploads\/2018\/08\/stethoscope-2617701-e1533648035935.jpg","articleSection":["Allgemein"],"inLanguage":"en-US"},{"@type":"WebPage","@id":"https:\/\/www.vit-gmbh.de\/news\/allgemein\/unternehmensziel-gesundheit\/","url":"https:\/\/www.vit-gmbh.de\/news\/allgemein\/unternehmensziel-gesundheit\/","name":"UNTERNEHMENSZIEL GESUNDHEIT - V.I.T. GmbH","isPartOf":{"@id":"https:\/\/www.vit-gmbh.de\/#website"},"primaryImageOfPage":{"@id":"https:\/\/www.vit-gmbh.de\/news\/allgemein\/unternehmensziel-gesundheit\/#primaryimage"},"image":{"@id":"https:\/\/www.vit-gmbh.de\/news\/allgemein\/unternehmensziel-gesundheit\/#primaryimage"},"thumbnailUrl":"https:\/\/www.vit-gmbh.de\/wp-content\/uploads\/2018\/08\/stethoscope-2617701-e1533648035935.jpg","datePublished":"2018-08-07T12:21:55+00:00","dateModified":"2018-08-07T13:57:51+00:00","author":{"@id":"https:\/\/www.vit-gmbh.de\/#\/schema\/person\/edd10d524c100cba4d37c3ba26243ca0"},"breadcrumb":{"@id":"https:\/\/www.vit-gmbh.de\/news\/allgemein\/unternehmensziel-gesundheit\/#breadcrumb"},"inLanguage":"en-US","potentialAction":[{"@type":"ReadAction","target":["https:\/\/www.vit-gmbh.de\/news\/allgemein\/unternehmensziel-gesundheit\/"]}]},{"@type":"ImageObject","inLanguage":"en-US","@id":"https:\/\/www.vit-gmbh.de\/news\/allgemein\/unternehmensziel-gesundheit\/#primaryimage","url":"https:\/\/www.vit-gmbh.de\/wp-content\/uploads\/2018\/08\/stethoscope-2617701-e1533648035935.jpg","contentUrl":"https:\/\/www.vit-gmbh.de\/wp-content\/uploads\/2018\/08\/stethoscope-2617701-e1533648035935.jpg","width":2000,"height":1276},{"@type":"BreadcrumbList","@id":"https:\/\/www.vit-gmbh.de\/news\/allgemein\/unternehmensziel-gesundheit\/#breadcrumb","itemListElement":[{"@type":"ListItem","position":1,"name":"Startseite","item":"https:\/\/www.vit-gmbh.de\/"},{"@type":"ListItem","position":2,"name":"UNTERNEHMENSZIEL GESUNDHEIT"}]},{"@type":"WebSite","@id":"https:\/\/www.vit-gmbh.de\/#website","url":"https:\/\/www.vit-gmbh.de\/","name":"V.I.T. GmbH","description":"Veranstaltungen, Incentives und Trainings","potentialAction":[{"@type":"SearchAction","target":{"@type":"EntryPoint","urlTemplate":"https:\/\/www.vit-gmbh.de\/?s={search_term_string}"},"query-input":{"@type":"PropertyValueSpecification","valueRequired":true,"valueName":"search_term_string"}}],"inLanguage":"en-US"},{"@type":"Person","@id":"https:\/\/www.vit-gmbh.de\/#\/schema\/person\/edd10d524c100cba4d37c3ba26243ca0","name":"Ingo Eisert","url":"https:\/\/www.vit-gmbh.de\/en\/news\/author\/ingo-eisert\/"}]}},"_links":{"self":[{"href":"https:\/\/www.vit-gmbh.de\/en\/wp-json\/wp\/v2\/posts\/3089","targetHints":{"allow":["GET"]}}],"collection":[{"href":"https:\/\/www.vit-gmbh.de\/en\/wp-json\/wp\/v2\/posts"}],"about":[{"href":"https:\/\/www.vit-gmbh.de\/en\/wp-json\/wp\/v2\/types\/post"}],"author":[{"embeddable":true,"href":"https:\/\/www.vit-gmbh.de\/en\/wp-json\/wp\/v2\/users\/10"}],"replies":[{"embeddable":true,"href":"https:\/\/www.vit-gmbh.de\/en\/wp-json\/wp\/v2\/comments?post=3089"}],"version-history":[{"count":13,"href":"https:\/\/www.vit-gmbh.de\/en\/wp-json\/wp\/v2\/posts\/3089\/revisions"}],"predecessor-version":[{"id":3114,"href":"https:\/\/www.vit-gmbh.de\/en\/wp-json\/wp\/v2\/posts\/3089\/revisions\/3114"}],"wp:featuredmedia":[{"embeddable":true,"href":"https:\/\/www.vit-gmbh.de\/en\/wp-json\/wp\/v2\/media\/3105"}],"wp:attachment":[{"href":"https:\/\/www.vit-gmbh.de\/en\/wp-json\/wp\/v2\/media?parent=3089"}],"wp:term":[{"taxonomy":"category","embeddable":true,"href":"https:\/\/www.vit-gmbh.de\/en\/wp-json\/wp\/v2\/categories?post=3089"},{"taxonomy":"post_tag","embeddable":true,"href":"https:\/\/www.vit-gmbh.de\/en\/wp-json\/wp\/v2\/tags?post=3089"}],"curies":[{"name":"wp","href":"https:\/\/api.w.org\/{rel}","templated":true}]}}